{"id":41346,"date":"2023-04-27T16:55:44","date_gmt":"2023-04-27T15:55:44","guid":{"rendered":"https:\/\/cm-sousel.pt\/?p=41346"},"modified":"2023-04-28T09:39:09","modified_gmt":"2023-04-28T08:39:09","slug":"teresa-serafim-venceu-premio-da-agencia-nacional-de-inovacao","status":"publish","type":"post","link":"https:\/\/prd14.mobinteg.com\/cm-sousel-qa\/teresa-serafim-venceu-premio-da-agencia-nacional-de-inovacao\/","title":{"rendered":"Teresa Serafim venceu pr\u00e9mio da Ag\u00eancia Nacional de Inova\u00e7\u00e3o"},"content":{"rendered":"<p><\/p>\n<p style=\"text-align: justify\">A souselense Teresa Serafim foi distinguida pela reportagem \u201cDentro da ci\u00eancia de uma miss\u00e3o espacial em Lisboa\u201d. O trabalho da jornalista do P\u00fablico, foi um dos vencedores da edi\u00e7\u00e3o de 2022 do Pr\u00e9mio Nacional de Inova\u00e7\u00e3o na Comunica\u00e7\u00e3o Social.<br \/>\nNa reportagem \u201cDentro da ci\u00eancia de uma miss\u00e3o espacial em Lisboa\u201d, Teresa acompanhou o trabalho dos cientistas dos laborat\u00f3rios da Faculdade de Ci\u00eancias da Universidade de Lisboa, em prepara\u00e7\u00e3o para a miss\u00e3o Hera da Ag\u00eancia Espacial Europeia (ESA).<br \/>\nO Pr\u00e9mio Nacional de Inova\u00e7\u00e3o na Comunica\u00e7\u00e3o Social visa reconhecer a qualidade jornal\u00edstica, distinguindo os melhores trabalhos na \u00e1rea da inova\u00e7\u00e3o de base cient\u00edfica e tecnol\u00f3gica desenvolvida em Portugal, ou em parceria com entidades nacionais. A miss\u00e3o \u00e9 aproximar os \u00f3rg\u00e3os de comunica\u00e7\u00e3o social \u00e0 comunidade cient\u00edfica e tecnol\u00f3gica e valorizar a import\u00e2ncia da divulga\u00e7\u00e3o da inova\u00e7\u00e3o que acontece em Portugal.<br \/>\nO Munic\u00edpio de Sousel, na pessoa do seu presidente, Manuel Val\u00e9rio, d\u00e1 os parab\u00e9ns \u00e0 Teresa Serafim, e deseja muita sorte e sucesso em projetos futuros.<\/p>\n<p><\/p>","protected":false},"excerpt":{"rendered":"<div class='heateorSssClear'><\/div><div  class='heateor_sss_sharing_container heateor_sss_horizontal_sharing' data-heateor-sss-href='https:\/\/prd14.mobinteg.com\/cm-sousel-qa\/teresa-serafim-venceu-premio-da-agencia-nacional-de-inovacao\/'><div class='heateor_sss_sharing_title' style=\"font-weight:bold\" >Spread the love<\/div><div class=\"heateor_sss_sharing_ul\"><a aria-label=\"Facebook\" class=\"heateor_sss_facebook\" href=\"https:\/\/www.facebook.com\/sharer\/sharer.php?u=https%3A%2F%2Fprd14.mobinteg.com%2Fcm-sousel-qa%2Fteresa-serafim-venceu-premio-da-agencia-nacional-de-inovacao%2F\" title=\"Facebook\" rel=\"nofollow noopener\" target=\"_blank\" style=\"font-size:32px!important;box-shadow:none;display:inline-block;vertical-align:middle\"><span class=\"heateor_sss_svg\" style=\"background-color:#0765FE;width:25px;height:25px;border-radius:999px;display:inline-block;opacity:1;float:left;font-size:32px;box-shadow:none;display:inline-block;font-size:16px;padding:0 4px;vertical-align:middle;background-repeat:repeat;overflow:hidden;padding:0;cursor:pointer;box-sizing:content-box\"><svg style=\"display:block;border-radius:999px;\" focusable=\"false\" aria-hidden=\"true\" xmlns=\"http:\/\/www.w3.org\/2000\/svg\" width=\"100%\" height=\"100%\" viewBox=\"0 0 32 32\"><path fill=\"#0d406a\" d=\"M28 16c0-6.627-5.373-12-12-12S4 9.373 4 16c0 5.628 3.875 10.35 9.101 11.647v-7.98h-2.474V16H13.1v-1.58c0-4.085 1.849-5.978 5.859-5.978.76 0 2.072.15 2.608.298v3.325c-.283-.03-.775-.045-1.386-.045-1.967 0-2.728.745-2.728 2.683V16h3.92l-.673 3.667h-3.247v8.245C23.395 27.195 28 22.135 28 16Z\"><\/path><\/svg><\/span><\/a><a aria-label=\"X\" class=\"heateor_sss_button_x\" href=\"https:\/\/twitter.com\/intent\/tweet?text=%5B%3Apt%5DTeresa%20Serafim%20venceu%20pr%C3%A9mio%20da%20Ag%C3%AAncia%20Nacional%20de%20Inova%C3%A7%C3%A3o%20%5B%3A%5D&url=https%3A%2F%2Fprd14.mobinteg.com%2Fcm-sousel-qa%2Fteresa-serafim-venceu-premio-da-agencia-nacional-de-inovacao%2F\" title=\"X\" rel=\"nofollow noopener\" target=\"_blank\" style=\"font-size:32px!important;box-shadow:none;display:inline-block;vertical-align:middle\"><span class=\"heateor_sss_svg heateor_sss_s__default heateor_sss_s_x\" style=\"background-color:#2a2a2a;width:25px;height:25px;border-radius:999px;display:inline-block;opacity:1;float:left;font-size:32px;box-shadow:none;display:inline-block;font-size:16px;padding:0 4px;vertical-align:middle;background-repeat:repeat;overflow:hidden;padding:0;cursor:pointer;box-sizing:content-box\"><svg width=\"100%\" height=\"100%\" style=\"display:block;border-radius:999px;\" focusable=\"false\" aria-hidden=\"true\" xmlns=\"http:\/\/www.w3.org\/2000\/svg\" viewBox=\"0 0 32 32\"><path fill=\"#0d406a\" d=\"M21.751 7h3.067l-6.7 7.658L26 25.078h-6.172l-4.833-6.32-5.531 6.32h-3.07l7.167-8.19L6 7h6.328l4.37 5.777L21.75 7Zm-1.076 16.242h1.7L11.404 8.74H9.58l11.094 14.503Z\"><\/path><\/svg><\/span><\/a><a aria-label=\"Linkedin\" class=\"heateor_sss_button_linkedin\" href=\"https:\/\/www.linkedin.com\/sharing\/share-offsite\/?url=https%3A%2F%2Fprd14.mobinteg.com%2Fcm-sousel-qa%2Fteresa-serafim-venceu-premio-da-agencia-nacional-de-inovacao%2F\" title=\"Linkedin\" rel=\"nofollow noopener\" target=\"_blank\" style=\"font-size:32px!important;box-shadow:none;display:inline-block;vertical-align:middle\"><span class=\"heateor_sss_svg heateor_sss_s__default heateor_sss_s_linkedin\" style=\"background-color:#0077b5;width:25px;height:25px;border-radius:999px;display:inline-block;opacity:1;float:left;font-size:32px;box-shadow:none;display:inline-block;font-size:16px;padding:0 4px;vertical-align:middle;background-repeat:repeat;overflow:hidden;padding:0;cursor:pointer;box-sizing:content-box\"><svg style=\"display:block;border-radius:999px;\" focusable=\"false\" aria-hidden=\"true\" xmlns=\"http:\/\/www.w3.org\/2000\/svg\" width=\"100%\" height=\"100%\" viewBox=\"0 0 32 32\"><path d=\"M6.227 12.61h4.19v13.48h-4.19V12.61zm2.095-6.7a2.43 2.43 0 0 1 0 4.86c-1.344 0-2.428-1.09-2.428-2.43s1.084-2.43 2.428-2.43m4.72 6.7h4.02v1.84h.058c.56-1.058 1.927-2.176 3.965-2.176 4.238 0 5.02 2.792 5.02 6.42v7.395h-4.183v-6.56c0-1.564-.03-3.574-2.178-3.574-2.18 0-2.514 1.7-2.514 3.46v6.668h-4.187V12.61z\" fill=\"#0d406a\"><\/path><\/svg><\/span><\/a><a aria-label=\"Pinterest\" class=\"heateor_sss_button_pinterest\" href=\"https:\/\/prd14.mobinteg.com\/cm-sousel-qa\/teresa-serafim-venceu-premio-da-agencia-nacional-de-inovacao\/\" onclick=\"event.preventDefault();javascript:void( (function() {var e=document.createElement('script' );e.setAttribute('type','text\/javascript' );e.setAttribute('charset','UTF-8' );e.setAttribute('src','\/\/assets.pinterest.com\/js\/pinmarklet.js?r='+Math.random()*99999999);document.body.appendChild(e)})());\" title=\"Pinterest\" rel=\"noopener\" style=\"font-size:32px!important;box-shadow:none;display:inline-block;vertical-align:middle\"><span class=\"heateor_sss_svg heateor_sss_s__default heateor_sss_s_pinterest\" style=\"background-color:#cc2329;width:25px;height:25px;border-radius:999px;display:inline-block;opacity:1;float:left;font-size:32px;box-shadow:none;display:inline-block;font-size:16px;padding:0 4px;vertical-align:middle;background-repeat:repeat;overflow:hidden;padding:0;cursor:pointer;box-sizing:content-box\"><svg style=\"display:block;border-radius:999px;\" focusable=\"false\" aria-hidden=\"true\" xmlns=\"http:\/\/www.w3.org\/2000\/svg\" width=\"100%\" height=\"100%\" viewBox=\"-2 -2 35 35\"><path fill=\"#0d406a\" d=\"M16.539 4.5c-6.277 0-9.442 4.5-9.442 8.253 0 2.272.86 4.293 2.705 5.046.303.125.574.005.662-.33.061-.231.205-.816.27-1.06.088-.331.053-.447-.191-.736-.532-.627-.873-1.439-.873-2.591 0-3.338 2.498-6.327 6.505-6.327 3.548 0 5.497 2.168 5.497 5.062 0 3.81-1.686 7.025-4.188 7.025-1.382 0-2.416-1.142-2.085-2.545.397-1.674 1.166-3.48 1.166-4.689 0-1.081-.581-1.983-1.782-1.983-1.413 0-2.548 1.462-2.548 3.419 0 1.247.421 2.091.421 2.091l-1.699 7.199c-.505 2.137-.076 4.755-.039 5.019.021.158.223.196.314.077.13-.17 1.813-2.247 2.384-4.324.162-.587.929-3.631.929-3.631.46.876 1.801 1.646 3.227 1.646 4.247 0 7.128-3.871 7.128-9.053.003-3.918-3.317-7.568-8.361-7.568z\"\/><\/svg><\/span><\/a><a aria-label=\"PrintFriendly\" class=\"heateor_sss_button_printfriendly\" href=\"https:\/\/www.printfriendly.com\/print?url=https%3A%2F%2Fprd14.mobinteg.com%2Fcm-sousel-qa%2Fteresa-serafim-venceu-premio-da-agencia-nacional-de-inovacao%2F&partner=a2a\" title=\"PrintFriendly\" rel=\"nofollow noopener\" target=\"_blank\" style=\"font-size:32px!important;box-shadow:none;display:inline-block;vertical-align:middle\"><span class=\"heateor_sss_svg heateor_sss_s__default heateor_sss_s_printfriendly\" style=\"background-color:#61d1d5;width:25px;height:25px;border-radius:999px;display:inline-block;opacity:1;float:left;font-size:32px;box-shadow:none;display:inline-block;font-size:16px;padding:0 4px;vertical-align:middle;background-repeat:repeat;overflow:hidden;padding:0;cursor:pointer;box-sizing:content-box\"><svg style=\"display:block;border-radius:999px;\" focusable=\"false\" aria-hidden=\"true\" xmlns=\"http:\/\/www.w3.org\/2000\/svg\" width=\"100%\" height=\"100%\" viewBox=\"0 0 32 32\"><g stroke=\"#0d406a\" stroke-width=\"1.5\" stroke-linecap=\"round\" stroke-miterlimit=\"10\"><path fill=\"none\" d=\"M22.562 19.588v4.373H9.438v-4.37h13.124zm-13.124 1.53H6.375c-.483 0-.875-.313-.875-.7v-7.35c0-.387.392-.7.875-.7h19.25c.482 0 .875.313.875.7v7.35c0 .387-.393.7-.876.7h-3.062\"><\/path><path fill=\"#0d406a\" d=\"M22.562 12.32V8.04H9.436v4.28\"><\/path><\/g><\/svg><\/span><\/a><a aria-label=\"Email\" class=\"heateor_sss_email\" href=\"https:\/\/prd14.mobinteg.com\/cm-sousel-qa\/teresa-serafim-venceu-premio-da-agencia-nacional-de-inovacao\/\" onclick=\"event.preventDefault();window.open('mailto:?subject=' + decodeURIComponent('%5B%3Apt%5DTeresa%20Serafim%20venceu%20pr%C3%A9mio%20da%20Ag%C3%AAncia%20Nacional%20de%20Inova%C3%A7%C3%A3o%20%5B%3A%5D').replace('&', '%26') + '&body=https%3A%2F%2Fprd14.mobinteg.com%2Fcm-sousel-qa%2Fteresa-serafim-venceu-premio-da-agencia-nacional-de-inovacao%2F', '_blank')\" title=\"Email\" rel=\"noopener\" style=\"font-size:32px!important;box-shadow:none;display:inline-block;vertical-align:middle\"><span class=\"heateor_sss_svg\" style=\"background-color:#649a3f;width:25px;height:25px;border-radius:999px;display:inline-block;opacity:1;float:left;font-size:32px;box-shadow:none;display:inline-block;font-size:16px;padding:0 4px;vertical-align:middle;background-repeat:repeat;overflow:hidden;padding:0;cursor:pointer;box-sizing:content-box\"><svg style=\"display:block;border-radius:999px;\" focusable=\"false\" aria-hidden=\"true\" xmlns=\"http:\/\/www.w3.org\/2000\/svg\" width=\"100%\" height=\"100%\" viewBox=\"-.75 -.5 36 36\"><path d=\"M 5.5 11 h 23 v 1 l -11 6 l -11 -6 v -1 m 0 2 l 11 6 l 11 -6 v 11 h -22 v -11\" stroke-width=\"1\" fill=\"#0d406a\"><\/path><\/svg><\/span><\/a><\/div><div class=\"heateorSssClear\"><\/div><\/div><div class='heateorSssClear'><\/div><p>A souselense Teresa Serafim foi distinguida pela reportagem \u201cDentro da ci\u00eancia de uma miss\u00e3o espacial em Lisboa\u201d. O trabalho da jornalista do P\u00fablico, foi um dos vencedores da edi\u00e7\u00e3o de 2022 do Pr\u00e9mio Nacional de Inova\u00e7\u00e3o na Comunica\u00e7\u00e3o Social. Na reportagem \u201cDentro da ci\u00eancia de uma miss\u00e3o espacial em Lisboa\u201d, Teresa acompanhou o trabalho dos [&hellip;]<\/p>\n","protected":false},"author":8,"featured_media":41348,"comment_status":"closed","ping_status":"closed","sticky":false,"template":"","format":"standard","meta":{"_acf_changed":false,"_searchwp_excluded":"","footnotes":""},"categories":[1],"tags":[],"class_list":["post-41346","post","type-post","status-publish","format-standard","has-post-thumbnail","hentry","category-sem-categoria"],"acf":[],"_links":{"self":[{"href":"https:\/\/prd14.mobinteg.com\/cm-sousel-qa\/wp-json\/wp\/v2\/posts\/41346","targetHints":{"allow":["GET"]}}],"collection":[{"href":"https:\/\/prd14.mobinteg.com\/cm-sousel-qa\/wp-json\/wp\/v2\/posts"}],"about":[{"href":"https:\/\/prd14.mobinteg.com\/cm-sousel-qa\/wp-json\/wp\/v2\/types\/post"}],"author":[{"embeddable":true,"href":"https:\/\/prd14.mobinteg.com\/cm-sousel-qa\/wp-json\/wp\/v2\/users\/8"}],"replies":[{"embeddable":true,"href":"https:\/\/prd14.mobinteg.com\/cm-sousel-qa\/wp-json\/wp\/v2\/comments?post=41346"}],"version-history":[{"count":1,"href":"https:\/\/prd14.mobinteg.com\/cm-sousel-qa\/wp-json\/wp\/v2\/posts\/41346\/revisions"}],"predecessor-version":[{"id":41349,"href":"https:\/\/prd14.mobinteg.com\/cm-sousel-qa\/wp-json\/wp\/v2\/posts\/41346\/revisions\/41349"}],"wp:featuredmedia":[{"embeddable":true,"href":"https:\/\/prd14.mobinteg.com\/cm-sousel-qa\/wp-json\/wp\/v2\/media\/41348"}],"wp:attachment":[{"href":"https:\/\/prd14.mobinteg.com\/cm-sousel-qa\/wp-json\/wp\/v2\/media?parent=41346"}],"wp:term":[{"taxonomy":"category","embeddable":true,"href":"https:\/\/prd14.mobinteg.com\/cm-sousel-qa\/wp-json\/wp\/v2\/categories?post=41346"},{"taxonomy":"post_tag","embeddable":true,"href":"https:\/\/prd14.mobinteg.com\/cm-sousel-qa\/wp-json\/wp\/v2\/tags?post=41346"}],"curies":[{"name":"wp","href":"https:\/\/api.w.org\/{rel}","templated":true}]}}